{"id":246,"date":"2019-03-21T12:25:11","date_gmt":"2019-03-21T11:25:11","guid":{"rendered":"http:\/\/bib.tluszcz.pl\/?p=246"},"modified":"2019-03-21T12:31:29","modified_gmt":"2019-03-21T11:31:29","slug":"ogloszenie-filia-w-kurach","status":"publish","type":"post","link":"http:\/\/bib.tluszcz.pl\/?p=246","title":{"rendered":"Og\u0142oszenie &#8211; Filia w Kurach"},"content":{"rendered":"\n<p style=\"text-align:center\">Og\u0142asza si\u0119 zamiar zmiany lokalizacji Filii Biblioteki Publicznej w Kurach, Kury 6A, 05-240 T\u0142uszcz.<\/p>\n\n\n\n<p style=\"text-align:center\">Filia zostanie przeniesiona do lokalu mieszcz\u0105cego si\u0119 w budynku Szko\u0142y Podstawowej w Stryjkach, Stryjki 2, 05-240 T\u0142uszcz.<\/p>\n\n\n\n<p style=\"text-align:center\"><strong>Filia w Kurach zostanie zamkni\u0119ta 30 kwietnia 2019r.<\/strong><\/p>\n","protected":false},"excerpt":{"rendered":"<p>Og\u0142asza si\u0119 zamiar zmiany lokalizacji Filii Biblioteki Publicznej w Kurach, Kury 6A, 05-240 T\u0142uszcz. Filia zostanie przeniesiona do lokalu mieszcz\u0105cego si\u0119 w budynku Szko\u0142y Podstawowej w Stryjkach, Stryjki 2, 05-240 T\u0142uszcz. Filia w Kurach zostanie zamkni\u0119ta 30 kwietnia 2019r.<\/p>\n","protected":false},"author":1,"featured_media":248,"comment_status":"closed","ping_status":"closed","sticky":false,"template":"","format":"standard","meta":[],"categories":[2,7],"tags":[],"_links":{"self":[{"href":"http:\/\/bib.tluszcz.pl\/index.php?rest_route=\/wp\/v2\/posts\/246"}],"collection":[{"href":"http:\/\/bib.tluszcz.pl\/index.php?rest_route=\/wp\/v2\/posts"}],"about":[{"href":"http:\/\/bib.tluszcz.pl\/index.php?rest_route=\/wp\/v2\/types\/post"}],"author":[{"embeddable":true,"href":"http:\/\/bib.tluszcz.pl\/index.php?rest_route=\/wp\/v2\/users\/1"}],"replies":[{"embeddable":true,"href":"http:\/\/bib.tluszcz.pl\/index.php?rest_route=%2Fwp%2Fv2%2Fcomments&post=246"}],"version-history":[{"count":1,"href":"http:\/\/bib.tluszcz.pl\/index.php?rest_route=\/wp\/v2\/posts\/246\/revisions"}],"predecessor-version":[{"id":247,"href":"http:\/\/bib.tluszcz.pl\/index.php?rest_route=\/wp\/v2\/posts\/246\/revisions\/247"}],"wp:featuredmedia":[{"embeddable":true,"href":"http:\/\/bib.tluszcz.pl\/index.php?rest_route=\/wp\/v2\/media\/248"}],"wp:attachment":[{"href":"http:\/\/bib.tluszcz.pl\/index.php?rest_route=%2Fwp%2Fv2%2Fmedia&parent=246"}],"wp:term":[{"taxonomy":"category","embeddable":true,"href":"http:\/\/bib.tluszcz.pl\/index.php?rest_route=%2Fwp%2Fv2%2Fcategories&post=246"},{"taxonomy":"post_tag","embeddable":true,"href":"http:\/\/bib.tluszcz.pl\/index.php?rest_route=%2Fwp%2Fv2%2Ftags&post=246"}],"curies":[{"name":"wp","href":"https:\/\/api.w.org\/{rel}","templated":true}]}}